{"id":1321,"date":"2022-11-21T12:18:48","date_gmt":"2022-11-21T11:18:48","guid":{"rendered":"https:\/\/gospodarenjeotpadom.rijeka.hr\/?p=1321"},"modified":"2022-11-21T12:19:18","modified_gmt":"2022-11-21T11:19:18","slug":"festival-novo-vrijeme-za-stare-stvari-2-u-riperaju","status":"publish","type":"post","link":"https:\/\/gospodarenjeotpadom.rijeka.hr\/cms\/festival-novo-vrijeme-za-stare-stvari-2-u-riperaju\/","title":{"rendered":"Festival Novo vrijeme za stare stvari 2 u Riperaju"},"content":{"rendered":"\n<figure class=\"wp-block-image size-full\"><img loading=\"lazy\" decoding=\"async\" width=\"1279\" height=\"696\" src=\"https:\/\/gospodarenjeotpadom.rijeka.hr\/cms\/wp-content\/uploads\/2022\/11\/Festival-Novo-vrijeme-za-stare-stvari-1.jpg\" alt=\"\" class=\"wp-image-1323\" srcset=\"https:\/\/gospodarenjeotpadom.rijeka.hr\/cms\/wp-content\/uploads\/2022\/11\/Festival-Novo-vrijeme-za-stare-stvari-1.jpg 1279w, https:\/\/gospodarenjeotpadom.rijeka.hr\/cms\/wp-content\/uploads\/2022\/11\/Festival-Novo-vrijeme-za-stare-stvari-1-640x348.jpg 640w, https:\/\/gospodarenjeotpadom.rijeka.hr\/cms\/wp-content\/uploads\/2022\/11\/Festival-Novo-vrijeme-za-stare-stvari-1-768x418.jpg 768w\" sizes=\"auto, (max-width: 1279px) 100vw, 1279px\" \/><\/figure>\n\n\n\n<p>KD \u010cisto\u0107a Rijeka \u0107e&nbsp;od 22. do 26. studenog&nbsp;u Riperaju (Ivana Zajca 20b) obilje\u017eiti&nbsp;Europski tjedan za smanjenje otpada (EWWR).<\/p>\n\n\n\n<p><strong>Europski tjedan za smanjenje otpada<\/strong>&nbsp;(EWWR) najve\u0107a je europska inicijativa koja promi\u010de aktivnosti podizanja svijesti o odr\u017eivom upravljanju resursima i gospodarenju otpadom, a ove godine se obilje\u017eava od 19. do 27. studenog. Na sudjelovanje u obilje\u017eavanju se poti\u010du svi, od lokalne samouprave, privatnih poduze\u0107a, \u0161kola, organizacija civilnog dru\u0161tva, kao i sami gra\u0111ani, a sve s ciljem&nbsp;<strong>podizanja svijesti o va\u017enosti smanjenja otpada, ponovnoj uporabi proizvoda te poticanju na pravilno postupanje s otpadom<\/strong>. Ovogodi\u0161nja glavna tema Europskog tjedna za smanjenje otpada je \u2018Kru\u017eni i odr\u017eivi tekstil\u2019.<\/p>\n\n\n\n<p><strong>Novo vrijeme za stare stvari 2.&nbsp;<\/strong>naziv je vi\u0161ednevnog festivala kojim \u0107e&nbsp;KD \u010cisto\u0107a u Riperaju obilje\u017eiti Europski tjedan za smanjenje otpada 2022., ponajprije s ciljem podizanja svijesti o utjecaju koje otpadni tekstil ima na okoli\u0161. Nizom edukativnih radionica prenamjene tekstila i buvljakom rabljene odje\u0107e potaknuti \u0107e se sudionike na&nbsp;<strong>promi\u0161ljanje o promjeni na\u010dina kupovine, kori\u0161tenja i mogu\u0107nostima ponovne uporabe odje\u0107e i tekstila.<\/strong><\/p>\n\n\n\n<p>Mjesto odr\u017eavanja festivala Novo vrijeme za stare stvari je&nbsp;<a href=\"https:\/\/cistocarijeka.hr\/projekti\/riperaj\/\">Riperaj<\/a>, gradska radionica Komunalnog dru\u0161tva \u010cisto\u0107a, namijenjena za besplatne popravke, a koja radi tijekom cijele godine. Riperaj je osnovan po uzoru na Repair caffe u listopadu 2019. godine, a do danas broji vi\u0161e od 4000 uspje\u0161no popravljenih predmeta i preko 70 odr\u017eanih radionica na temu spre\u010davanja nastanka otpada i ponovne uporabe u svakodnevnom \u017eivotu.<\/p>\n\n\n\n<h3 class=\"wp-block-heading\">Program festivala Novo vrijeme za stare stvari 2:<\/h3>\n\n\n\n<ul class=\"wp-block-list\">\n<li><strong>Utorak, 22.11.<\/strong>\n<ul class=\"wp-block-list\">\n<li>Prvog dana festivala u 10,30 sati odr\u017eat \u0107e se edukativna radionica \u2018U\u010dimo kako: od tekstila do lutke\u2019, koju \u0107e za polaznike Dje\u010djeg vrti\u0107a Delfin odr\u017eati Gradsko kazali\u0161te lutaka.<\/li>\n\n\n\n<li>U 17,30 sati odr\u017eat \u0107e se kreativna radionica izrade lutki od tekstila za gra\u0111ane koju \u0107e tako\u0111er voditi Gradsko kazali\u0161te lutaka.&nbsp;Napomena: radionica je namijenjena djeci uzrasta od 4 godine navi\u0161e. Sudjelovanje djece vrti\u0107kog uzrasta preporu\u010da se uz pratnju roditelja.<\/li>\n<\/ul>\n<\/li>\n\n\n\n<li><strong>Srijeda, 23.11.&nbsp;<\/strong>\u2013 Drugog dana festivala u goste nam dolaze u\u010denici Osnovne \u0161kole Zamet koji \u0107e u\u010diti kako u nekoliko koraka od starog tekstila izraditi ukrasne zvjezdice.<\/li>\n\n\n\n<li><strong>\u010cetvrtak, 24.11.&nbsp;<\/strong>\u2013 Tre\u0107eg dana festivala u 17,00 sati odr\u017eati \u0107e se radionica izrade vre\u0107ica za darove od starog tekstila koju \u0107e voditi Iva \u0160amani\u0107 Jure\u0161a.<\/li>\n\n\n\n<li><strong>Subota, 26.11.&nbsp;<\/strong>\u2013 Posljednjeg dana festivala u Riperaju \u0107e se premijerno odr\u017eati Veseljak Buvljak od 10,00 do 13,00 sati gdje \u0107e svi zainteresirani mo\u0107i razgledati i kupiti second-hand odje\u0107u izlaga\u010da.<\/li>\n<\/ul>\n\n\n\n<p>Svoje sudjelovanje na radionici izrade lutki od tekstila 22.studenog i izrade vre\u0107ica za darove od tekstila 24. studenog svi zainteresirani mogu prijaviti putem info-maila:&nbsp;<a href=\"mailto:info@cistoca-ri.hr\">info@cistoca-ri.hr<\/a>&nbsp;ili Facebook stranice Riperaja. Prijave \u0107e se zaprimati do popunjenja pojedine radionice. Ulaz na Veseljak Buvljak 26. studenog je slobodan za sve!<\/p>\n\n\n\n<figure class=\"wp-block-image size-full\"><img loading=\"lazy\" decoding=\"async\" width=\"1279\" height=\"471\" src=\"https:\/\/gospodarenjeotpadom.rijeka.hr\/cms\/wp-content\/uploads\/2022\/11\/Festival-Novo-vrijeme-za-stare-stvari-2.jpg\" alt=\"\" class=\"wp-image-1324\" srcset=\"https:\/\/gospodarenjeotpadom.rijeka.hr\/cms\/wp-content\/uploads\/2022\/11\/Festival-Novo-vrijeme-za-stare-stvari-2.jpg 1279w, https:\/\/gospodarenjeotpadom.rijeka.hr\/cms\/wp-content\/uploads\/2022\/11\/Festival-Novo-vrijeme-za-stare-stvari-2-640x236.jpg 640w, https:\/\/gospodarenjeotpadom.rijeka.hr\/cms\/wp-content\/uploads\/2022\/11\/Festival-Novo-vrijeme-za-stare-stvari-2-768x283.jpg 768w\" sizes=\"auto, (max-width: 1279px) 100vw, 1279px\" \/><\/figure>\n","protected":false},"excerpt":{"rendered":"<p>KD \u010cisto\u0107a Rijeka \u0107e&nbsp;od 22. do 26. studenog&nbsp;u Riperaju (Ivana Zajca 20b) obilje\u017eiti&nbsp;Europski tjedan za smanjenje otpada (EWWR). Europski tjedan za smanjenje otpada&nbsp;(EWWR) najve\u0107a je europska inicijativa koja promi\u010de aktivnosti podizanja svijesti o odr\u017eivom upravljanju resursima i gospodarenju otpadom, a ove godine se obilje\u017eava od 19. do 27. studenog. Na sudjelovanje u obilje\u017eavanju se poti\u010du [&hellip;]<\/p>\n","protected":false},"author":8,"featured_media":0,"comment_status":"closed","ping_status":"closed","sticky":false,"template":"","format":"standard","meta":{"_acf_changed":false,"footnotes":""},"categories":[1,2],"tags":[],"class_list":["post-1321","post","type-post","status-publish","format-standard","hentry","category-aktualno","category-novosti-i-obavijesti"],"acf":[],"_links":{"self":[{"href":"https:\/\/gospodarenjeotpadom.rijeka.hr\/cms\/wp-json\/wp\/v2\/posts\/1321","targetHints":{"allow":["GET"]}}],"collection":[{"href":"https:\/\/gospodarenjeotpadom.rijeka.hr\/cms\/wp-json\/wp\/v2\/posts"}],"about":[{"href":"https:\/\/gospodarenjeotpadom.rijeka.hr\/cms\/wp-json\/wp\/v2\/types\/post"}],"author":[{"embeddable":true,"href":"https:\/\/gospodarenjeotpadom.rijeka.hr\/cms\/wp-json\/wp\/v2\/users\/8"}],"replies":[{"embeddable":true,"href":"https:\/\/gospodarenjeotpadom.rijeka.hr\/cms\/wp-json\/wp\/v2\/comments?post=1321"}],"version-history":[{"count":2,"href":"https:\/\/gospodarenjeotpadom.rijeka.hr\/cms\/wp-json\/wp\/v2\/posts\/1321\/revisions"}],"predecessor-version":[{"id":1326,"href":"https:\/\/gospodarenjeotpadom.rijeka.hr\/cms\/wp-json\/wp\/v2\/posts\/1321\/revisions\/1326"}],"wp:attachment":[{"href":"https:\/\/gospodarenjeotpadom.rijeka.hr\/cms\/wp-json\/wp\/v2\/media?parent=1321"}],"wp:term":[{"taxonomy":"category","embeddable":true,"href":"https:\/\/gospodarenjeotpadom.rijeka.hr\/cms\/wp-json\/wp\/v2\/categories?post=1321"},{"taxonomy":"post_tag","embeddable":true,"href":"https:\/\/gospodarenjeotpadom.rijeka.hr\/cms\/wp-json\/wp\/v2\/tags?post=1321"}],"curies":[{"name":"wp","href":"https:\/\/api.w.org\/{rel}","templated":true}]}}